{"id":475,"date":"2018-02-13T12:24:47","date_gmt":"2018-02-13T11:24:47","guid":{"rendered":"http:\/\/deloin.fr\/blog\/?p=475"},"modified":"2019-12-09T16:12:10","modified_gmt":"2019-12-09T15:12:10","slug":"exercice-emplois","status":"publish","type":"post","link":"http:\/\/deloin.fr\/blog\/exercice-emplois\/","title":{"rendered":"Exercice de recherche d&#8217;emplois en groupe"},"content":{"rendered":"\n<h2 class=\"wp-block-heading\"><b>Exercice de recherche :<br>Offre d\u2019emplois<\/b><\/h2>\n\n\n\n<p><span style=\"font-weight: 400;\">Les termes de recherche : trouver les diff\u00e9rents intitul\u00e9s des m\u00e9tiers<\/span><\/p>\n\n\n\n<figure class=\"wp-block-table is-style-stripes\"><table class=\"\"><tbody><tr><td><span style=\"font-weight: 400;\">p\u00f4le emploi : cr\u00e9er un compte et dans son espace personnel d\u00e9finir des crit\u00e8res de recherche : <em>\u201cmaquettiste pao\u201d &#8211; \u201cgraphiste pao\u201d<\/em><\/span><\/td><td><a href=\"http:\/\/www.pole-emploi.fr\/accueil\/\"><span style=\"font-weight: 400;\">http:\/\/www.pole-emploi.fr\/accueil\/<\/span><\/a><\/td><\/tr><tr><td>&nbsp;Bourse \u00e0 l&#8217;emploi<\/td><td><a href=\"http:\/\/www.bale.fr\/\"><span style=\"font-weight: 400;\">Bale.fr<\/span><\/a><\/td><\/tr><tr><td><span style=\"font-weight: 400;\">(trovit propose \u00e9galement des stats sur les salaires)<\/span><\/td><td><a href=\"https:\/\/emploi.trovit.fr\/\">https:\/\/emploi.trovit.fr\/<\/a><\/td><\/tr><tr><td><span style=\"font-weight: 400;\">et les autres d\u00e9clinaisons r\u00e9gionales<\/span><\/td><td><a href=\"http:\/\/www.ouestjob.com\/offre_emploi\/index.aspx?v=___0_0_0_0_0_0_0_0_0_webdesigner_\"><span style=\"font-weight: 400;\">Ouestjob<\/span><\/a><\/td><\/tr><tr><td><span style=\"font-weight: 400;\">les presses r\u00e9gionales<\/span><\/td><td><a href=\"http:\/\/www.ladepeche-emploi.fr\/\"><span style=\"font-weight: 400;\">http:\/\/www.ladepeche-emploi.fr\/<\/span><\/a> <\/td><\/tr><tr><td>Ouest<\/td><td> &nbsp;<a href=\"http:\/\/www.ouestfrance-emploi.com\/\">http:\/\/www.ouestfrance-emp<\/a> <\/td><\/tr><tr><td>Pour les cadres<\/td><td> <a href=\"https:\/\/www.cadremploi.fr\/\">https:\/\/www.cadremploi.fr\/<\/a> <\/td><\/tr><tr><td>Emplois territoriaux<\/td><td><\/td><\/tr><tr><td>Emploi 86 (offres d\u00e9partementales)<\/td><td> <a href=\"http:\/\/www.emploi86.com\/candidats\/liste-offres-emplois\/\">http:\/\/www.emploi86.com\/candidats\/liste-offres-emplois\/<\/a> <\/td><\/tr><tr><td> cha\u00eene t\u00e9l\u00e9 emploi  <\/td><td> <a href=\"http:\/\/www.demain.fr\/\">http:\/\/www.demain.fr<\/a> <\/td><\/tr><tr><td><\/td><td><\/td><\/tr><\/tbody><\/table><\/figure>\n\n\n\n<h4 class=\"wp-block-heading\"><b>Exercice<\/b><\/h4>\n\n\n\n<p><span style=\"font-weight: 400;\">lien vers des cartes de france<\/span><\/p>\n\n\n\n<p><a href=\"http:\/\/www.cartesfrance.fr\/\">http:\/\/www.cartesfrance.fr\/<\/a><\/p>\n\n\n\n<p><span style=\"font-weight: 400;\">avant apr\u00e8s : les nouvelles r\u00e9gions :<\/span><\/p>\n\n\n\n<p><a href=\"http:\/\/tempsreel.nouvelobs.com\/nouvelles-regions\/20160629.OBS3620\/avant-apres-decouvrez-les-13-noms-des-nouvelles-regions-de-france.html\">http:\/\/tempsreel.nouvelobs.com\/nouvelles-regions\/20160629.OBS3620\/avant-apres-decouvrez-les-13-noms-des-nouvelles-regions-de-france.html<\/a><\/p>\n\n\n\n<p>Pour faire une recherche par sous groupes avec une mise en commun \u00e0 la fin. <span style=\"font-weight: 400;\">On se divise le travail par grandes r\u00e9gions :<\/span><\/p>\n\n\n\n<figure class=\"wp-block-table\"><table class=\"\"><tbody><tr><td><span style=\"font-weight: 400;\">4 groupes Stagiaires<\/span><\/td><td>&nbsp;<\/td><td>&nbsp;<\/td><td><br> <p>&nbsp;<\/p><\/td><td><\/td><\/tr><tr><td><span style=\"font-weight: 400;\">Sph\u00e8re de recherche<\/span><\/td><td><span style=\"font-weight: 400;\">R\u00e9gion parisienne<\/span><\/td><td><span style=\"font-weight: 400;\">Grand Ouest de la France<\/span><\/td><td><span style=\"font-weight: 400;\">Sud de la France<\/span> <p>&nbsp;<span style=\"font-size: inherit; font-weight: inherit;\">Les Dom Toms<\/span><span style=\"font-family: inherit; font-size: inherit; font-weight: inherit; letter-spacing: -0.015em;\"> <\/span><\/p><\/td><td><span style=\"font-weight: 400;\">Grand Est de la France (pas seulement la r\u00e9gion)<\/span> <span style=\"font-family: NonBreakingSpaceOverride, &quot;Hoefler Text&quot;, Garamond, &quot;Times New Roman&quot;, serif; font-size: inherit; letter-spacing: normal;\">Les bo\u00eetes d\u2019interim <\/span> <br><span style=\"font-family: NonBreakingSpaceOverride, &quot;Hoefler Text&quot;, Garamond, &quot;Times New Roman&quot;, serif; font-size: inherit; letter-spacing: normal;\">sur internet sur toute la france<\/span> <\/td><\/tr><\/tbody><\/table><\/figure>\n\n\n\n<h4 class=\"wp-block-heading\"><b>Chez p\u00f4le emploi : <\/b><\/h4>\n\n\n\n<p><span style=\"font-weight: 400;\">Trouver son Code Rome : exemple&nbsp; infographiste (art graphiques) <\/span><span style=\"font-weight: 400;\">E1305-E1306 pour le multimedia E1205<\/span><\/p>\n\n\n\n<p><span style=\"font-weight: 400;\">Trouver tous les intitul\u00e9s pour un m\u00eame m\u00e9tier, exemple : \u201cinfographistes metteur en page\u201d, graphistes, maquettistes.<\/span><\/p>\n\n\n\n<h4 class=\"wp-block-heading\"><b>Autres sites :<\/b><\/h4>\n\n\n\n<p><a href=\"https:\/\/www.monster.fr\/emploi\/recherche\/\">https:\/\/www.monster.fr\/emploi\/recherche\/<\/a><\/p>\n\n\n\n<p><a href=\"http:\/\/www.cap-com.org\/content\/presentation-de-lespace-emploi\"><span style=\"font-weight: 400;\">http:\/\/www.cap-com.org\/content\/presentation-de-lespace-emploi<\/span><\/a><span style=\"font-weight: 400;\"> (emploi territoriaux)<\/span><\/p>\n\n\n\n<p><a href=\"http:\/\/emploi.lagazettedescommunes.com\/\">http:\/\/emploi.lagazettedescommunes.com\/<\/a><\/p>\n\n\n\n<p><a href=\"http:\/\/remixjobs.com\/\">http:\/\/remixjobs.com\/<\/a><\/p>\n\n\n\n<p><a href=\"http:\/\/www.categorynet.com\/\">http:\/\/www.categorynet.com\/<\/a><\/p>\n\n\n\n<p><a href=\"http:\/\/emploirama.com\/\">http:\/\/emploirama.com\/<\/a><\/p>\n\n\n\n<p><a href=\"http:\/\/www.sesame-emploi.fr\/\">http:\/\/www.sesame-emploi.fr\/<\/a><\/p>\n\n\n\n<p><a href=\"http:\/\/www.randstad.fr\/\"><span style=\"font-weight: 400;\">http:\/\/www.randstad.fr\/ <\/span><\/a><span style=\"font-weight: 400;\">(travail temporaire)<\/span><\/p>\n\n\n\n<p><a href=\"http:\/\/www.indeed.fr\/\"><span style=\"font-weight: 400;\">http:\/\/www.indeed.fr\/<\/span><\/a><span style=\"font-weight: 400;\"> (moteur recherche emploi)<\/span><\/p>\n\n\n\n<p><a href=\"http:\/\/www.cadremploi.fr\/emploi\/recherche_offres\">http:\/\/www.cadremploi.fr\/emploi\/recherche_offres<\/a><\/p>\n\n\n\n<p><a href=\"http:\/\/www.keljob.com\/\">http:\/\/www.keljob.com\/<\/a><\/p>\n\n\n\n<h5 class=\"wp-block-heading\"><span style=\"font-weight: 400;\">r\u00e9seaux sociaux professionnels :<\/span><\/h5>\n\n\n\n<p><a href=\"http:\/\/www.linkedin.com\/\"><span style=\"font-weight: 400;\">http:\/\/www.linkedin.com\/<\/span><\/a><span style=\"font-weight: 400;\"> <br>(rubrique carri\u00e8re il faut s\u2019inscrire d\u2019abord)<\/span><\/p>\n\n\n\n<p><a href=\"http:\/\/fr.viadeo.com\/jobs\/offresdemploi\/\"><span style=\"font-weight: 400;\">http:\/\/fr.viadeo.com\/jobs\/offresdemploi\/<\/span><\/a><span style=\"font-weight: 400;\"> <br>(rubrique offre d\u2019emplois)<\/span><\/p>\n\n\n\n<h5 class=\"wp-block-heading\"><span style=\"font-weight: 400;\">statut handicap\u00e9<\/span><\/h5>\n\n\n\n<p><a href=\"https:\/\/emploi.handicap.fr\/\">https:\/\/emploi.handicap.fr\/<\/a><\/p>\n\n\n\n<p><a href=\"http:\/\/www.capemploi.net\/espace-candidats\/offres-d-emploi\/\">http:\/\/www.capemploi.net\/espace-candidats\/offres-d-emploi\/<\/a><\/p>\n\n\n\n<h3 class=\"wp-block-heading\"><b>Les r\u00e9seaux professionnels<\/b><\/h3>\n\n\n\n<p><a href=\"http:\/\/www.manpower.fr\/\"><span style=\"font-weight: 400;\">manpower<\/span><\/a><span style=\"font-weight: 400;\"> (interim)<\/span><\/p>\n\n\n\n<p><a href=\"http:\/\/www.apec.fr\/\"><span style=\"font-weight: 400;\">Apec<\/span><\/a><span style=\"font-weight: 400;\"> (association des cadres)<\/span><\/p>\n\n\n\n<h4 class=\"wp-block-heading\">Salaires<\/h4>\n\n\n\n<h5 class=\"wp-block-heading\"><span style=\"font-weight: 400;\">calcul salaire net \/ salaire brut :<\/span><\/h5>\n\n\n\n<p><a href=\"http:\/\/www.salairebrutnet.fr\/\"><span style=\"font-weight: 400;\">http:\/\/www.salairebrutnet.fr\/<\/span><\/a><span style=\"font-weight: 400;\"> pour le calcul brut mensuel en net mensuel<\/span><\/p>\n\n\n\n<p><a href=\"http:\/\/www.salaire-brut-en-net.fr\/\"><span style=\"font-weight: 400;\">http:\/\/www.salaire-brut-en-net.fr\/<\/span><\/a><span style=\"font-weight: 400;\"> pour le calcul annuel brut en mensuel net<\/span><\/p>\n\n\n\n<h4 class=\"wp-block-heading\"><span style=\"font-weight: 400;\">le smic :<\/span><\/h4>\n\n\n\n<p><\/p>\n","protected":false},"excerpt":{"rendered":"<p>Exercice de recherche :Offre d\u2019emplois Les termes de recherche : trouver les diff\u00e9rents intitul\u00e9s des m\u00e9tiers p\u00f4le emploi : cr\u00e9er &hellip; <a href=\"http:\/\/deloin.fr\/blog\/exercice-emplois\/\" class=\"more-link\">Continuer la lecture<span class=\"screen-reader-text\"> de &laquo;&nbsp;Exercice de recherche d&#8217;emplois en groupe&nbsp;&raquo;<\/span><\/a><\/p>\n","protected":false},"author":1,"featured_media":0,"comment_status":"open","ping_status":"open","sticky":false,"template":"","format":"standard","meta":{"_bbp_topic_count":0,"_bbp_reply_count":0,"_bbp_total_topic_count":0,"_bbp_total_reply_count":0,"_bbp_voice_count":0,"_bbp_anonymous_reply_count":0,"_bbp_topic_count_hidden":0,"_bbp_reply_count_hidden":0,"_bbp_forum_subforum_count":0,"footnotes":""},"categories":[3],"tags":[],"class_list":["post-475","post","type-post","status-publish","format-standard","hentry","category-emplois"],"jetpack_featured_media_url":"","_links":{"self":[{"href":"http:\/\/deloin.fr\/blog\/wp-json\/wp\/v2\/posts\/475","targetHints":{"allow":["GET"]}}],"collection":[{"href":"http:\/\/deloin.fr\/blog\/wp-json\/wp\/v2\/posts"}],"about":[{"href":"http:\/\/deloin.fr\/blog\/wp-json\/wp\/v2\/types\/post"}],"author":[{"embeddable":true,"href":"http:\/\/deloin.fr\/blog\/wp-json\/wp\/v2\/users\/1"}],"replies":[{"embeddable":true,"href":"http:\/\/deloin.fr\/blog\/wp-json\/wp\/v2\/comments?post=475"}],"version-history":[{"count":7,"href":"http:\/\/deloin.fr\/blog\/wp-json\/wp\/v2\/posts\/475\/revisions"}],"predecessor-version":[{"id":871,"href":"http:\/\/deloin.fr\/blog\/wp-json\/wp\/v2\/posts\/475\/revisions\/871"}],"wp:attachment":[{"href":"http:\/\/deloin.fr\/blog\/wp-json\/wp\/v2\/media?parent=475"}],"wp:term":[{"taxonomy":"category","embeddable":true,"href":"http:\/\/deloin.fr\/blog\/wp-json\/wp\/v2\/categories?post=475"},{"taxonomy":"post_tag","embeddable":true,"href":"http:\/\/deloin.fr\/blog\/wp-json\/wp\/v2\/tags?post=475"}],"curies":[{"name":"wp","href":"https:\/\/api.w.org\/{rel}","templated":true}]}}