{"id":1597,"date":"2022-09-11T17:57:33","date_gmt":"2022-09-11T15:57:33","guid":{"rendered":"https:\/\/typote.art\/?p=1597"},"modified":"2022-09-11T17:57:33","modified_gmt":"2022-09-11T15:57:33","slug":"fabrice-midal-meditant-laique","status":"publish","type":"post","link":"https:\/\/deloin.fr\/typote\/fabrice-midal-meditant-laique\/","title":{"rendered":"Fabrice Midal, m\u00e9ditant la\u00efque et philosophe tout jaune"},"content":{"rendered":"\n<p>J&rsquo;aime Fabrice Midal, son ton, ses costumes jaunes, ses livres sur la m\u00e9ditation avec un angle qui tient compte des profils fran\u00e7ais, occidentaux, chr\u00e9tiens. Un fran\u00e7ais entend les messages de la m\u00e9ditation bouddhiste ou oriental avec le filtre de sa culture occidentale, de sa culture de la performance et le culte du moi et de la culpabilit\u00e9, le conformisme grandissant des comportements aussi.<\/p>\n\n\n\n<p>A la suite de son livre \u00ab\u00a0Foutez-vous la paix\u00a0\u00bb de 2017, Fabrice Midal a \u00e9crit en 2022 une m\u00e9thode dans la prolongation de son premier livre. Une sorte de foutez-vous la paix : mode d&#8217;emploi.<\/p>\n\n\n\n<p>J&rsquo;aime la simplicit\u00e9 de ce livre. Il est \u00e0 la fois le fruit d&rsquo;une longue r\u00e9flexion de m\u00e9ditant, et un livre accessible de tous les jours qui peut nous suivre comme les cartes d&rsquo;un Tarot ou un journal intime.<\/p>\n\n\n\n<figure class=\"wp-block-image size-large\"><img decoding=\"async\" src=\"http:\/\/typote.art\/wp-content\/uploads\/2022\/09\/20220910_1202565630772864527423756-768x1024.jpg\" alt=\"La m\u00e9thode foutez-vous la paix\" class=\"wp-image-1580\"\/><figcaption>Fabrice Midal m\u00e9thode <\/figcaption><\/figure>\n\n\n\n<p>Je me permets de glisser son sommaire ici comme il le fait sur son site, car c&rsquo;est une entr\u00e9e importante dans le livre. On peut choisir son entr\u00e9e selon l&rsquo;\u00e9tat d&rsquo;esprit dans lequel on est \u00e0 un moment T. Et on est alors dirig\u00e9 vers une double page qui invite d&rsquo;une mani\u00e8re assez simple \u00e0 la r\u00e9flexion par rapport au sujet. C&rsquo;est une mani\u00e8re de prendre du recul par rapport \u00e0 une situation o\u00f9 l&rsquo;on est paralys\u00e9, o\u00f9  l&rsquo;on tourne en rond dans un probl\u00e8me comme une souris dans sa roue ou comme un lion en cage.<\/p>\n\n\n\n<figure class=\"wp-block-image size-large\"><img decoding=\"async\" src=\"http:\/\/typote.art\/wp-content\/uploads\/2022\/09\/20220910_1206272006706779936232435-768x1024.jpg\" alt=\"Sommaire de la m\u00e9thode Fabrice Midal\" class=\"wp-image-1581\"\/><figcaption>Sommaire de la m\u00e9thode Fabrice Midal<\/figcaption><\/figure>\n\n\n\n<p>Une m\u00e9ditation de Fabrice Midal que j&rsquo;aime. Elle exp\u00e9rimente ce moment o\u00f9 on ressent sa propre douleur, o\u00f9 on la laisse surgir en l\u00b4observant puis o\u00f9 on a\u00e8re les sensation en prenant des distances avec elle. En l&rsquo;ayant auparavant laiss\u00e9e venir et en l&rsquo;ayant observ\u00e9e sans jugement, elle s&rsquo;en trouve amoindrie, affaiblie, plus supportable, car on l&rsquo;a regard\u00e9e en face, on l&rsquo;a encercl\u00e9e lors de l&rsquo;entr\u00e9e dans la m\u00e9ditation.<\/p>\n\n\n\n<figure class=\"wp-block-embed is-type-video is-provider-youtube wp-block-embed-youtube wp-embed-aspect-16-9 wp-has-aspect-ratio\"><div class=\"wp-block-embed__wrapper\">\n<iframe loading=\"lazy\" title=\"Rencontrer et a\u00e9rer\" width=\"640\" height=\"360\" src=\"https:\/\/www.youtube.com\/embed\/9pQMUBch4N4?feature=oembed\" frameborder=\"0\" allow=\"accelerometer; autoplay; clipboard-write; encrypted-media; gyroscope; picture-in-picture; web-share\" referrerpolicy=\"strict-origin-when-cross-origin\" allowfullscreen><\/iframe>\n<\/div><\/figure>\n\n\n\n<p><\/p>\n","protected":false},"excerpt":{"rendered":"<p>J&rsquo;aime Fabrice Midal, son ton, ses costumes jaunes, ses livres sur la m\u00e9ditation avec un angle qui tient compte des profils fran\u00e7ais, occidentaux, chr\u00e9tiens. Un fran\u00e7ais entend les messages de la m\u00e9ditation bouddhiste ou oriental avec le filtre de sa culture occidentale, de sa culture de la performance et le culte du moi et de &hellip; <\/p>\n<p class=\"link-more\"><a href=\"https:\/\/deloin.fr\/typote\/fabrice-midal-meditant-laique\/\" class=\"more-link\">Continuer la lecture <span class=\"screen-reader-text\"> \u00ab\u00a0Fabrice Midal, m\u00e9ditant la\u00efque et philosophe tout jaune\u00a0\u00bb<\/span><\/a><\/p>\n","protected":false},"author":1,"featured_media":0,"comment_status":"open","ping_status":"open","sticky":false,"template":"","format":"standard","meta":{"_jetpack_memberships_contains_paid_content":false,"footnotes":"","jetpack_publicize_message":"","jetpack_publicize_feature_enabled":true,"jetpack_social_post_already_shared":true,"jetpack_social_options":{"image_generator_settings":{"template":"highway","default_image_id":0,"enabled":false},"version":2}},"categories":[2],"tags":[],"class_list":["post-1597","post","type-post","status-publish","format-standard","hentry","category-blog","entry"],"jetpack_publicize_connections":[],"jetpack_featured_media_url":"","jetpack_sharing_enabled":true,"jetpack_likes_enabled":true,"_links":{"self":[{"href":"https:\/\/deloin.fr\/typote\/wp-json\/wp\/v2\/posts\/1597","targetHints":{"allow":["GET"]}}],"collection":[{"href":"https:\/\/deloin.fr\/typote\/wp-json\/wp\/v2\/posts"}],"about":[{"href":"https:\/\/deloin.fr\/typote\/wp-json\/wp\/v2\/types\/post"}],"author":[{"embeddable":true,"href":"https:\/\/deloin.fr\/typote\/wp-json\/wp\/v2\/users\/1"}],"replies":[{"embeddable":true,"href":"https:\/\/deloin.fr\/typote\/wp-json\/wp\/v2\/comments?post=1597"}],"version-history":[{"count":0,"href":"https:\/\/deloin.fr\/typote\/wp-json\/wp\/v2\/posts\/1597\/revisions"}],"wp:attachment":[{"href":"https:\/\/deloin.fr\/typote\/wp-json\/wp\/v2\/media?parent=1597"}],"wp:term":[{"taxonomy":"category","embeddable":true,"href":"https:\/\/deloin.fr\/typote\/wp-json\/wp\/v2\/categories?post=1597"},{"taxonomy":"post_tag","embeddable":true,"href":"https:\/\/deloin.fr\/typote\/wp-json\/wp\/v2\/tags?post=1597"}],"curies":[{"name":"wp","href":"https:\/\/api.w.org\/{rel}","templated":true}]}}